{"id":5278,"date":"2019-12-10T22:11:44","date_gmt":"2019-12-10T21:11:44","guid":{"rendered":"https:\/\/zumarte.eus\/?p=5278"},"modified":"2019-12-11T06:55:13","modified_gmt":"2019-12-11T05:55:13","slug":"gabonetako-kontzertua","status":"publish","type":"post","link":"https:\/\/zumarte.eus\/es\/gabonetako-kontzertua\/","title":{"rendered":"Gabonetako kontzertua"},"content":{"rendered":"<blockquote><p>&nbsp;<\/p><\/blockquote>\n<p>Gabonak iristen ari dira eta horregatik abenduak 13an (ostirala) gabonetako kontzertu polita eskainiko dugu. Bertan Lezoko T.G.L.U.M.E eta Usurbilgo Zumarte M.E. eskusoinu taldeak eta Zumarte Musika Eskolako abesbatzak hartuko dute parte.<\/p>\n<p style=\"text-align: center;\"><strong><u>EGITARAUA<\/u><\/strong><\/p>\n<p><strong><u>ESKUSOINU TALDEA (LEZOKO TOMAS GARBIZU M.E eta ZUMARTE M.E)<\/u><\/strong><\/p>\n<p>&#8211; Angel\u00b4s\u2026\u2026\u2026\u2026\u2026\u2026\u2026\u2026\u2026\u2026\u2026\u2026\u2026\u2026\u2026\u2026\u2026\u2026\u2026..\u2026\u2026\u2026\u2026.. Robbie Williams<\/p>\n<p><strong>Bakarlaria: Maddi Zuloaga<\/strong><\/p>\n<p>&#8211; Nino Bravo kontzertuan\u2026\u2026\u2026\u2026\u2026\u2026\u2026\u2026\u2026\u2026\u2026\u2026\u2026.\u2026\u2026. Manuel Calero<\/p>\n<p>&#8211; Sarri sarri\u2026\u2026\u2026\u2026\u2026\u2026\u2026\u2026\u2026\u2026\u2026\u2026\u2026\u2026\u2026\u2026\u2026\u2026\u2026\u2026\u2026\u2026\u2026 Kortatu<\/p>\n<p style=\"text-align: center;\"><strong>Zuzendaria: JOXEAN ANDUAGA PERMACH<\/strong><\/p>\n<p><strong><u>ZUMARTE-TXIKI ABESBATZA<\/u><\/strong><\/p>\n<p>&#8211; Izar barri bat\u2026\u2026\u2026\u2026\u2026\u2026\u2026\u2026\u2026\u2026\u2026\u2026\u2026\u2026\u2026\u2026\u2026..\u2026\u2026&#8230;.. Sabi\u00f1o L. de Gere\u00f1o<\/p>\n<p>&#8211; Non geratzen den denbora\u2026\u2026\u2026\u2026\u2026\u2026\u2026\u2026\u2026\u2026\u2026\u2026\u2026&#8230; M. Urdangarin<\/p>\n<p>&nbsp;<\/p>\n<p><strong><u>ZUMARTE ABESBATZA-A<\/u><\/strong><\/p>\n<p>&#8211; Hear the wind\u2026\u2026\u2026\u2026\u2026\u2026\u2026\u2026\u2026\u2026\u2026\u2026\u2026\u2026\u2026\u2026\u2026\u2026..\u2026.. Emily Crocker<\/p>\n<p>&#8211; Din dan don\u2026\u2026\u2026\u2026\u2026\u2026\u2026\u2026\u2026\u2026\u2026\u2026\u2026\u2026\u2026\u2026\u2026\u2026\u2026\u2026\u2026. Josu Elberdin<\/p>\n<p>&nbsp;<\/p>\n<p><strong><u>ZUMARTE ABESBATZA-B<\/u><\/strong><\/p>\n<p>&#8211; When I close my eyes\u2026\u2026\u2026\u2026\u2026\u2026\u2026\u2026\u2026\u2026\u2026\u2026\u2026\u2026\u2026\u2026 Jim Papoulis<\/p>\n<p>&#8211; Kanpai soinu, zilar doinu\u2026\u2026\u2026\u2026\u2026\u2026\u2026\u2026\u2026\u2026\u2026&#8230;.\u2026. Mold.: Joxean Goikoetxea<\/p>\n<p>&nbsp;<\/p>\n<p><strong><u>ZUMARTE GAZTE ABESBATZA<\/u><\/strong><\/p>\n<p>&#8211; Hymne a la Nuit\u2026\u2026\u2026\u2026\u2026\u2026\u2026\u2026\u2026\u2026\u2026\u2026\u2026\u2026\u2026.\u2026..\u2026 Jean Phillipe Rameau<\/p>\n<p>&#8211; Oi Betlheem\u2026\u2026\u2026\u2026\u2026\u2026\u2026\u2026\u2026\u2026\u2026\u2026\u2026\u2026\u2026\u2026\u2026\u2026\u2026\u2026 Aita Donostia<\/p>\n<p>&nbsp;<\/p>\n<p><strong><u>ABESBATZA GUZTIAK<\/u><\/strong><\/p>\n<p>&#8211; Aurtxo Maite\u2026\u2026\u2026\u2026\u2026\u2026\u2026\u2026\u2026\u2026\u2026\u2026\u2026\u2026\u2026\u2026\u2026\u2026\u2026.. Tom\u00e1s Arag\u00fc\u00e9s<\/p>\n<p style=\"text-align: center;\"><strong><u>Zuzendaria:<\/u> ANTONI JORQUERA BORDONAU<\/strong><\/p>\n<p><img decoding=\"async\" class=\"aligncenter size-full wp-image-5281 lazyload\" data-src=\"https:\/\/zumarte.eus\/wp-content\/uploads\/2019\/12\/Kbk-18-118-scaled.jpg\" alt=\"\" width=\"2560\" height=\"1920\" data-srcset=\"https:\/\/zumarte.eus\/wp-content\/uploads\/2019\/12\/Kbk-18-118-scaled.jpg 2560w, https:\/\/zumarte.eus\/wp-content\/uploads\/2019\/12\/Kbk-18-118-600x450.jpg 600w, https:\/\/zumarte.eus\/wp-content\/uploads\/2019\/12\/Kbk-18-118-1067x800.jpg 1067w, https:\/\/zumarte.eus\/wp-content\/uploads\/2019\/12\/Kbk-18-118-768x576.jpg 768w, https:\/\/zumarte.eus\/wp-content\/uploads\/2019\/12\/Kbk-18-118-1536x1152.jpg 1536w, https:\/\/zumarte.eus\/wp-content\/uploads\/2019\/12\/Kbk-18-118-2048x1536.jpg 2048w\" data-sizes=\"(max-width: 2560px) 100vw, 2560px\" src=\"data:image\/svg+xml;base64,PHN2ZyB3aWR0aD0iMSIgaGVpZ2h0PSIxIiB4bWxucz0iaHR0cDovL3d3dy53My5vcmcvMjAwMC9zdmciPjwvc3ZnPg==\" style=\"--smush-placeholder-width: 2560px; --smush-placeholder-aspect-ratio: 2560\/1920;\" \/><\/p>\n<ul>\n<li><strong>KONTZERTUAREN ORDU ALDAKETA<\/strong><\/li>\n<\/ul>\n<p class=\"yiv4058870437MsoNormal\">Zumarte Usurbilgo Musika Eskola Errauskailuaren gaia dela eta, gure ikasleen, gurasoen eta lankideen osasunaz arduratuta dagoenez eta horren inguruan ostiralean egingo den manifestazioari oztopo gutxien jartzeko asmoz, Musika Eskolak kontzertua ordu erdiz atzeratuko du, beraz, ostiraleko <b><u>kontzertua 19:30tan hasiko da.<\/u><\/b><\/p>\n<p class=\"yiv4058870437MsoNormal\">Era berean, kontzerturako aurreikusita dauden\u00a0<b><u>ensaioak ere ordu erdiz atzeratuko<\/u><\/b>\u00a0dira, beraz, ensaioak honako orduetan izango dira:<\/p>\n<p class=\"yiv4058870437MsoNormal\"><b><u><span lang=\"ES\">Ensaio deialdearen ordutegi berria:<\/span><\/u><\/b><span lang=\"ES\">\u00a0<\/span><\/p>\n<p class=\"yiv4058870437MsoNormal\"><span lang=\"ES\">17:15<b>:\u00a0 DBHko<\/b>\u00a0ikasleak<\/span><span lang=\"ES\">\u00a0<\/span><\/p>\n<p class=\"yiv4058870437MsoNormal\"><span lang=\"ES\">17:30: Ertaina\u00a0<b>LH 5-6<\/b><\/span><b><span lang=\"ES\">\u00a0<\/span><\/b><\/p>\n<p class=\"yiv4058870437MsoNormal\"><span lang=\"ES\">17:45: Txikiak\u00a0<b>LH 3-4<\/b>\u00a0(bi taldeak batera )<\/span><span lang=\"ES\">\u00a0<\/span><\/p>\n<p class=\"yiv4058870437MsoNormal\"><span lang=\"ES\">18:00: Talde\u00a0<b>GUZTIAK<\/b>\u00a0batera.<\/span><span lang=\"ES\">\u00a0<\/span><\/p>\n<p class=\"yiv4058870437MsoNormal\"><span lang=\"ES\">18:10: Helduak<\/span><\/p>\n<p><img decoding=\"async\" class=\"aligncenter size-full wp-image-5285 lazyload\" data-src=\"https:\/\/zumarte.eus\/wp-content\/uploads\/2019\/12\/cropped-incineradora-no1.jpg\" alt=\"\" width=\"996\" height=\"996\" data-srcset=\"https:\/\/zumarte.eus\/wp-content\/uploads\/2019\/12\/cropped-incineradora-no1.jpg 996w, https:\/\/zumarte.eus\/wp-content\/uploads\/2019\/12\/cropped-incineradora-no1-600x600.jpg 600w, https:\/\/zumarte.eus\/wp-content\/uploads\/2019\/12\/cropped-incineradora-no1-800x800.jpg 800w, https:\/\/zumarte.eus\/wp-content\/uploads\/2019\/12\/cropped-incineradora-no1-300x300.jpg 300w, https:\/\/zumarte.eus\/wp-content\/uploads\/2019\/12\/cropped-incineradora-no1-768x768.jpg 768w\" data-sizes=\"(max-width: 996px) 100vw, 996px\" src=\"data:image\/svg+xml;base64,PHN2ZyB3aWR0aD0iMSIgaGVpZ2h0PSIxIiB4bWxucz0iaHR0cDovL3d3dy53My5vcmcvMjAwMC9zdmciPjwvc3ZnPg==\" style=\"--smush-placeholder-width: 996px; --smush-placeholder-aspect-ratio: 996\/996;\" \/><\/p>\n<p>&nbsp;<\/p>\n<p>&nbsp;<\/p>\n<p><img decoding=\"async\" class=\"aligncenter size-full wp-image-5283 lazyload\" data-src=\"https:\/\/zumarte.eus\/wp-content\/uploads\/2019\/12\/Zo-18-01.jpg\" alt=\"\" width=\"1600\" height=\"683\" data-srcset=\"https:\/\/zumarte.eus\/wp-content\/uploads\/2019\/12\/Zo-18-01.jpg 1600w, https:\/\/zumarte.eus\/wp-content\/uploads\/2019\/12\/Zo-18-01-600x256.jpg 600w, https:\/\/zumarte.eus\/wp-content\/uploads\/2019\/12\/Zo-18-01-1200x512.jpg 1200w, https:\/\/zumarte.eus\/wp-content\/uploads\/2019\/12\/Zo-18-01-768x328.jpg 768w, https:\/\/zumarte.eus\/wp-content\/uploads\/2019\/12\/Zo-18-01-1536x656.jpg 1536w\" data-sizes=\"(max-width: 1600px) 100vw, 1600px\" src=\"data:image\/svg+xml;base64,PHN2ZyB3aWR0aD0iMSIgaGVpZ2h0PSIxIiB4bWxucz0iaHR0cDovL3d3dy53My5vcmcvMjAwMC9zdmciPjwvc3ZnPg==\" style=\"--smush-placeholder-width: 1600px; --smush-placeholder-aspect-ratio: 1600\/683;\" \/><\/p>\n","protected":false},"excerpt":{"rendered":"<p>&nbsp; Gabonak iristen ari dira eta horregatik abenduak 13an (ostirala) gabonetako kontzertu polita eskainiko dugu. Bertan Lezoko T.G.L.U.M.E eta Usurbilgo Zumarte M.E. eskusoinu taldeak eta Zumarte Musika Eskolako abesbatzak hartuko &hellip; <\/p>\n","protected":false},"author":2,"featured_media":5283,"comment_status":"closed","ping_status":"open","sticky":false,"template":"","format":"standard","meta":{"_monsterinsights_skip_tracking":false,"_monsterinsights_sitenote_active":false,"_monsterinsights_sitenote_note":"","_monsterinsights_sitenote_category":0,"footnotes":""},"categories":[1],"tags":[],"class_list":["post-5278","post","type-post","status-publish","format-standard","has-post-thumbnail","hentry","category-albisteak"],"yoast_head":"<!-- This site is optimized with the Yoast SEO plugin v26.9 - https:\/\/yoast.com\/product\/yoast-seo-wordpress\/ -->\n<title>Gabonetako kontzertua - Zumarte<\/title>\n<meta name=\"robots\" content=\"index, follow, max-snippet:-1, max-image-preview:large, max-video-preview:-1\" \/>\n<link rel=\"canonical\" href=\"https:\/\/zumarte.eus\/gabonetako-kontzertua\/\" \/>\n<meta property=\"og:locale\" content=\"es_ES\" \/>\n<meta property=\"og:type\" content=\"article\" \/>\n<meta property=\"og:title\" content=\"Gabonetako kontzertua - Zumarte\" \/>\n<meta property=\"og:description\" content=\"&nbsp; Gabonak iristen ari dira eta horregatik abenduak 13an (ostirala) gabonetako kontzertu polita eskainiko dugu. Bertan Lezoko T.G.L.U.M.E eta Usurbilgo Zumarte M.E. eskusoinu taldeak eta Zumarte Musika Eskolako abesbatzak hartuko &hellip;\" \/>\n<meta property=\"og:url\" content=\"https:\/\/zumarte.eus\/gabonetako-kontzertua\/\" \/>\n<meta property=\"og:site_name\" content=\"Zumarte\" \/>\n<meta property=\"article:published_time\" content=\"2019-12-10T21:11:44+00:00\" \/>\n<meta property=\"article:modified_time\" content=\"2019-12-11T05:55:13+00:00\" \/>\n<meta property=\"og:image\" content=\"https:\/\/zumarte.eus\/wp-content\/uploads\/2019\/12\/Zo-18-01.jpg\" \/>\n\t<meta property=\"og:image:width\" content=\"1600\" \/>\n\t<meta property=\"og:image:height\" content=\"683\" \/>\n\t<meta property=\"og:image:type\" content=\"image\/jpeg\" \/>\n<meta name=\"author\" content=\"zumarte\" \/>\n<meta name=\"twitter:card\" content=\"summary_large_image\" \/>\n<meta name=\"twitter:creator\" content=\"@ZumarteMusika\" \/>\n<meta name=\"twitter:site\" content=\"@ZumarteMusika\" \/>\n<meta name=\"twitter:label1\" content=\"Escrito por\" \/>\n\t<meta name=\"twitter:data1\" content=\"zumarte\" \/>\n\t<meta name=\"twitter:label2\" content=\"Tiempo de lectura\" \/>\n\t<meta name=\"twitter:data2\" content=\"1 minuto\" \/>\n<script type=\"application\/ld+json\" class=\"yoast-schema-graph\">{\"@context\":\"https:\/\/schema.org\",\"@graph\":[{\"@type\":\"Article\",\"@id\":\"https:\/\/zumarte.eus\/gabonetako-kontzertua\/#article\",\"isPartOf\":{\"@id\":\"https:\/\/zumarte.eus\/gabonetako-kontzertua\/\"},\"author\":{\"name\":\"zumarte\",\"@id\":\"https:\/\/zumarte.eus\/#\/schema\/person\/c5b7acaff9c5fe509f9c1a8b237d5364\"},\"headline\":\"Gabonetako kontzertua\",\"datePublished\":\"2019-12-10T21:11:44+00:00\",\"dateModified\":\"2019-12-11T05:55:13+00:00\",\"mainEntityOfPage\":{\"@id\":\"https:\/\/zumarte.eus\/gabonetako-kontzertua\/\"},\"wordCount\":239,\"image\":{\"@id\":\"https:\/\/zumarte.eus\/gabonetako-kontzertua\/#primaryimage\"},\"thumbnailUrl\":\"https:\/\/zumarte.eus\/wp-content\/uploads\/2019\/12\/Zo-18-01.jpg\",\"articleSection\":[\"Albisteak\"],\"inLanguage\":\"es\"},{\"@type\":\"WebPage\",\"@id\":\"https:\/\/zumarte.eus\/gabonetako-kontzertua\/\",\"url\":\"https:\/\/zumarte.eus\/gabonetako-kontzertua\/\",\"name\":\"Gabonetako kontzertua - Zumarte\",\"isPartOf\":{\"@id\":\"https:\/\/zumarte.eus\/#website\"},\"primaryImageOfPage\":{\"@id\":\"https:\/\/zumarte.eus\/gabonetako-kontzertua\/#primaryimage\"},\"image\":{\"@id\":\"https:\/\/zumarte.eus\/gabonetako-kontzertua\/#primaryimage\"},\"thumbnailUrl\":\"https:\/\/zumarte.eus\/wp-content\/uploads\/2019\/12\/Zo-18-01.jpg\",\"datePublished\":\"2019-12-10T21:11:44+00:00\",\"dateModified\":\"2019-12-11T05:55:13+00:00\",\"author\":{\"@id\":\"https:\/\/zumarte.eus\/#\/schema\/person\/c5b7acaff9c5fe509f9c1a8b237d5364\"},\"breadcrumb\":{\"@id\":\"https:\/\/zumarte.eus\/gabonetako-kontzertua\/#breadcrumb\"},\"inLanguage\":\"es\",\"potentialAction\":[{\"@type\":\"ReadAction\",\"target\":[\"https:\/\/zumarte.eus\/gabonetako-kontzertua\/\"]}]},{\"@type\":\"ImageObject\",\"inLanguage\":\"es\",\"@id\":\"https:\/\/zumarte.eus\/gabonetako-kontzertua\/#primaryimage\",\"url\":\"https:\/\/zumarte.eus\/wp-content\/uploads\/2019\/12\/Zo-18-01.jpg\",\"contentUrl\":\"https:\/\/zumarte.eus\/wp-content\/uploads\/2019\/12\/Zo-18-01.jpg\",\"width\":1600,\"height\":683},{\"@type\":\"BreadcrumbList\",\"@id\":\"https:\/\/zumarte.eus\/gabonetako-kontzertua\/#breadcrumb\",\"itemListElement\":[{\"@type\":\"ListItem\",\"position\":1,\"name\":\"Home\",\"item\":\"https:\/\/zumarte.eus\/es\/\"},{\"@type\":\"ListItem\",\"position\":2,\"name\":\"Gabonetako kontzertua\"}]},{\"@type\":\"WebSite\",\"@id\":\"https:\/\/zumarte.eus\/#website\",\"url\":\"https:\/\/zumarte.eus\/\",\"name\":\"Zumarte\",\"description\":\"Usurbilgo musika eskola\",\"potentialAction\":[{\"@type\":\"SearchAction\",\"target\":{\"@type\":\"EntryPoint\",\"urlTemplate\":\"https:\/\/zumarte.eus\/?s={search_term_string}\"},\"query-input\":{\"@type\":\"PropertyValueSpecification\",\"valueRequired\":true,\"valueName\":\"search_term_string\"}}],\"inLanguage\":\"es\"},{\"@type\":\"Person\",\"@id\":\"https:\/\/zumarte.eus\/#\/schema\/person\/c5b7acaff9c5fe509f9c1a8b237d5364\",\"name\":\"zumarte\",\"url\":\"https:\/\/zumarte.eus\/es\/author\/zumarte\/\"}]}<\/script>\n<!-- \/ Yoast SEO plugin. -->","yoast_head_json":{"title":"Gabonetako kontzertua - Zumarte","robots":{"index":"index","follow":"follow","max-snippet":"max-snippet:-1","max-image-preview":"max-image-preview:large","max-video-preview":"max-video-preview:-1"},"canonical":"https:\/\/zumarte.eus\/gabonetako-kontzertua\/","og_locale":"es_ES","og_type":"article","og_title":"Gabonetako kontzertua - Zumarte","og_description":"&nbsp; Gabonak iristen ari dira eta horregatik abenduak 13an (ostirala) gabonetako kontzertu polita eskainiko dugu. Bertan Lezoko T.G.L.U.M.E eta Usurbilgo Zumarte M.E. eskusoinu taldeak eta Zumarte Musika Eskolako abesbatzak hartuko &hellip;","og_url":"https:\/\/zumarte.eus\/gabonetako-kontzertua\/","og_site_name":"Zumarte","article_published_time":"2019-12-10T21:11:44+00:00","article_modified_time":"2019-12-11T05:55:13+00:00","og_image":[{"width":1600,"height":683,"url":"https:\/\/zumarte.eus\/wp-content\/uploads\/2019\/12\/Zo-18-01.jpg","type":"image\/jpeg"}],"author":"zumarte","twitter_card":"summary_large_image","twitter_creator":"@ZumarteMusika","twitter_site":"@ZumarteMusika","twitter_misc":{"Escrito por":"zumarte","Tiempo de lectura":"1 minuto"},"schema":{"@context":"https:\/\/schema.org","@graph":[{"@type":"Article","@id":"https:\/\/zumarte.eus\/gabonetako-kontzertua\/#article","isPartOf":{"@id":"https:\/\/zumarte.eus\/gabonetako-kontzertua\/"},"author":{"name":"zumarte","@id":"https:\/\/zumarte.eus\/#\/schema\/person\/c5b7acaff9c5fe509f9c1a8b237d5364"},"headline":"Gabonetako kontzertua","datePublished":"2019-12-10T21:11:44+00:00","dateModified":"2019-12-11T05:55:13+00:00","mainEntityOfPage":{"@id":"https:\/\/zumarte.eus\/gabonetako-kontzertua\/"},"wordCount":239,"image":{"@id":"https:\/\/zumarte.eus\/gabonetako-kontzertua\/#primaryimage"},"thumbnailUrl":"https:\/\/zumarte.eus\/wp-content\/uploads\/2019\/12\/Zo-18-01.jpg","articleSection":["Albisteak"],"inLanguage":"es"},{"@type":"WebPage","@id":"https:\/\/zumarte.eus\/gabonetako-kontzertua\/","url":"https:\/\/zumarte.eus\/gabonetako-kontzertua\/","name":"Gabonetako kontzertua - Zumarte","isPartOf":{"@id":"https:\/\/zumarte.eus\/#website"},"primaryImageOfPage":{"@id":"https:\/\/zumarte.eus\/gabonetako-kontzertua\/#primaryimage"},"image":{"@id":"https:\/\/zumarte.eus\/gabonetako-kontzertua\/#primaryimage"},"thumbnailUrl":"https:\/\/zumarte.eus\/wp-content\/uploads\/2019\/12\/Zo-18-01.jpg","datePublished":"2019-12-10T21:11:44+00:00","dateModified":"2019-12-11T05:55:13+00:00","author":{"@id":"https:\/\/zumarte.eus\/#\/schema\/person\/c5b7acaff9c5fe509f9c1a8b237d5364"},"breadcrumb":{"@id":"https:\/\/zumarte.eus\/gabonetako-kontzertua\/#breadcrumb"},"inLanguage":"es","potentialAction":[{"@type":"ReadAction","target":["https:\/\/zumarte.eus\/gabonetako-kontzertua\/"]}]},{"@type":"ImageObject","inLanguage":"es","@id":"https:\/\/zumarte.eus\/gabonetako-kontzertua\/#primaryimage","url":"https:\/\/zumarte.eus\/wp-content\/uploads\/2019\/12\/Zo-18-01.jpg","contentUrl":"https:\/\/zumarte.eus\/wp-content\/uploads\/2019\/12\/Zo-18-01.jpg","width":1600,"height":683},{"@type":"BreadcrumbList","@id":"https:\/\/zumarte.eus\/gabonetako-kontzertua\/#breadcrumb","itemListElement":[{"@type":"ListItem","position":1,"name":"Home","item":"https:\/\/zumarte.eus\/es\/"},{"@type":"ListItem","position":2,"name":"Gabonetako kontzertua"}]},{"@type":"WebSite","@id":"https:\/\/zumarte.eus\/#website","url":"https:\/\/zumarte.eus\/","name":"Zumarte","description":"Usurbilgo musika eskola","potentialAction":[{"@type":"SearchAction","target":{"@type":"EntryPoint","urlTemplate":"https:\/\/zumarte.eus\/?s={search_term_string}"},"query-input":{"@type":"PropertyValueSpecification","valueRequired":true,"valueName":"search_term_string"}}],"inLanguage":"es"},{"@type":"Person","@id":"https:\/\/zumarte.eus\/#\/schema\/person\/c5b7acaff9c5fe509f9c1a8b237d5364","name":"zumarte","url":"https:\/\/zumarte.eus\/es\/author\/zumarte\/"}]}},"post_mailing_queue_ids":[],"_links":{"self":[{"href":"https:\/\/zumarte.eus\/es\/wp-json\/wp\/v2\/posts\/5278","targetHints":{"allow":["GET"]}}],"collection":[{"href":"https:\/\/zumarte.eus\/es\/wp-json\/wp\/v2\/posts"}],"about":[{"href":"https:\/\/zumarte.eus\/es\/wp-json\/wp\/v2\/types\/post"}],"author":[{"embeddable":true,"href":"https:\/\/zumarte.eus\/es\/wp-json\/wp\/v2\/users\/2"}],"replies":[{"embeddable":true,"href":"https:\/\/zumarte.eus\/es\/wp-json\/wp\/v2\/comments?post=5278"}],"version-history":[{"count":3,"href":"https:\/\/zumarte.eus\/es\/wp-json\/wp\/v2\/posts\/5278\/revisions"}],"predecessor-version":[{"id":5289,"href":"https:\/\/zumarte.eus\/es\/wp-json\/wp\/v2\/posts\/5278\/revisions\/5289"}],"wp:featuredmedia":[{"embeddable":true,"href":"https:\/\/zumarte.eus\/es\/wp-json\/wp\/v2\/media\/5283"}],"wp:attachment":[{"href":"https:\/\/zumarte.eus\/es\/wp-json\/wp\/v2\/media?parent=5278"}],"wp:term":[{"taxonomy":"category","embeddable":true,"href":"https:\/\/zumarte.eus\/es\/wp-json\/wp\/v2\/categories?post=5278"},{"taxonomy":"post_tag","embeddable":true,"href":"https:\/\/zumarte.eus\/es\/wp-json\/wp\/v2\/tags?post=5278"}],"curies":[{"name":"wp","href":"https:\/\/api.w.org\/{rel}","templated":true}]}}