{"id":6123,"date":"2022-03-05T15:36:23","date_gmt":"2022-03-05T14:36:23","guid":{"rendered":"https:\/\/zumarte.eus\/?p=6123"},"modified":"2022-03-17T12:17:08","modified_gmt":"2022-03-17T11:17:08","slug":"xviii-soinurbil-musika-astea","status":"publish","type":"post","link":"https:\/\/zumarte.eus\/es\/xviii-soinurbil-musika-astea\/","title":{"rendered":"XVIII. Soinurbil musika astea"},"content":{"rendered":"<blockquote><p>&nbsp;<\/p><\/blockquote>\n<p>Iritsi da aurtengo Soinurbil musika astea!<\/p>\n<p>Edizio honetarako, Usurbilgo Udalarekin batera eta Salbatore Parrokia,Gipuzkoako Foru Aldundia eta Kutxaren laguntzarekin, sekulako sei ikuskizun antolatu ditugu:<\/p>\n<ul>\n<li>Martxoak 15 Asteartea \u2018LALALA\u2019 familia kontzertua (Itzal antzerkia &amp; Pianoa)<\/li>\n<\/ul>\n<p>Ordua eta lekua: 18:00etan, Sutegiko auditoriumean. <a href=\"https:\/\/usurbilkultura.eus\/eu\/ikuskizunak\/lalala-familia-kontzertua-2\">Sarrera 2\u20ac<\/a><\/p>\n<p>Animalien Inauteria (Camille Saint-Sa\u00ebns): \u201cItzal antzerkia &amp; Pianoa\u201d Camile Saint-Sa\u00ebns musikagile frantziarraren \u201cAnimalien Inauteria\u201d obran oinarrituta dago. Bertan lehoia, dortoka, kangurua, oiloak eta tankerako animaliak azaltzen dira haien melodia pianoan entzun orduko.<\/p>\n<p>Amaieran, haurrek euren itzalak sortu, eta musikaren erritmoan mugituko dituzte.<\/p>\n<p><img decoding=\"async\" class=\"aligncenter size-full wp-image-6124 lazyload\" data-src=\"https:\/\/zumarte.eus\/wp-content\/uploads\/2022\/03\/Lalala.jpg\" alt=\"\" width=\"500\" height=\"426\" src=\"data:image\/svg+xml;base64,PHN2ZyB3aWR0aD0iMSIgaGVpZ2h0PSIxIiB4bWxucz0iaHR0cDovL3d3dy53My5vcmcvMjAwMC9zdmciPjwvc3ZnPg==\" style=\"--smush-placeholder-width: 500px; --smush-placeholder-aspect-ratio: 500\/426;\" \/><\/p>\n<p>&nbsp;<\/p>\n<ul>\n<li>Martxoak 16 Asteazkena Urnietako musika eskolarekin trukaketa<\/li>\n<\/ul>\n<p>Ordua eta lekua: 18:30etan, Sutegiko auditoriumean. Sarrera librea edukiera bete arte.<\/p>\n<p>Urnietako Lourdes Iriondo musika eskola:<\/p>\n<p>Urnietako Musika Eskola 1985eko otsailean abiatu zen Lourdes Iriondoren (1937-2005) eta orduan zegoen gobernu taldearen ekimenez. Horrela musika-hizkuntza eskolak ematen hasi ziren 50 ikaslerekin. Urte horretako urrian, piano eta eskusoinuarekin ere hasi ziren. Maiatzean, garai hartan Elizondo Zinema zen hartan -egun, Sarobe AEG- lehen kontzertua eskaini zuten. Pixkanaka, txistua eta trikitixa irakasten hasi ziren.<\/p>\n<p>Hasieran, eskolak aipatutako Elizondo zinemaren etxabean ematen zituzten. Gerora, euskaltegira joan ziren eta gaur egun Lekaio kultur etxearen ondoan dagoen bolatokiaren gaineko eraikinean daude.<\/p>\n<p>2004an, \u201cUrnietako Udal Eskola\u201d izena hartu zuen, eta 2008tik aurrera, publiko egin, eta \u201cLourdes Iriondo Udal Musika Eskola\u201d izena dauka. Egun, Eusko Jaurlaritzaren Musika eskolen sareko kide da.<\/p>\n<p>Urnietako Musika Eskola musika irakasteko gunea da, eta bere helburua adin ugaritako urnietar guztiei eta kanpotik etorri nahi dutenei musika heziketa eskaintzea da. Era berean, zaletasuna edo gaitasun berezia duten ikasleei goi mailako ikasketak egiteko orientabidea ematen saiatzen da.<\/p>\n<p>Egun espezialitate hauek ematen dituzte: musika-tailerra eta musika-hizkuntza, trikitixa, biolina, pianoa, saxofoia, klarinetea, perkusioa eta tronpeta.<\/p>\n<p><img decoding=\"async\" class=\"aligncenter size-full wp-image-6126 lazyload\" data-src=\"https:\/\/zumarte.eus\/wp-content\/uploads\/2022\/03\/Urnieta.jpg\" alt=\"\" width=\"396\" height=\"265\" src=\"data:image\/svg+xml;base64,PHN2ZyB3aWR0aD0iMSIgaGVpZ2h0PSIxIiB4bWxucz0iaHR0cDovL3d3dy53My5vcmcvMjAwMC9zdmciPjwvc3ZnPg==\" style=\"--smush-placeholder-width: 396px; --smush-placeholder-aspect-ratio: 396\/265;\" \/><\/p>\n<p>&nbsp;<\/p>\n<ul>\n<li>Martxoak 17 Osteguna \u2018Reziklantes\u2019 ikuskizuna<\/li>\n<\/ul>\n<p style=\"padding-left: 40px;\">Ordua eta lekua: 18:30etan, Ageri alden.<\/p>\n<p>Ikuskizun hau kalean egiten da, bikote gisa. Kontzertu ibiltari honetan musika estilo ugari jotzen dituzte: perkusio afrikarra eta latinoa, hip-hopa eta Iberiar Penintsulako musika. Soinu-euskarria akustikoa da, jatorria birtziklatu eta berrerabilitako materiala da.<\/p>\n<p>Hondakinak proiektu eszenikorako baliabide dituzte, ingurumenarekiko begiramena lantzeko.<\/p>\n<p>Turukutupa konpainia 2006. urtean Gasteizen sortua da. Hondakinei balioa ematen dieten artista akustiko eta plastikoak dira, eta ingurumena arte- eta kontzientziazio-proiektu baterako baliabide gisa erabiltzen dute.<\/p>\n<p>Hondakin-materialak berreskuratu eta birziklatuta, proposamen artistiko bihurtzen dituzte, hala nola, musika-tresna, eszenografia edota atrezzoa. Bi jarduera-ildo garatzen dituzte: batetik, arte eszenikoak (musika, antzerkia, instalazioak&#8230;) eta, bestetik, ingurumen-heziketa (tailerrak, kontzertuak&#8230;).<\/p>\n<p>Urte guzti hauetan Espainiar Estatuko hainbat antzerki- eta musika-jaialditan zein ingurumenarekin lotutako hainbat ekitalditan aritu dira.<\/p>\n<p>Musikariak: Sergio L\u00f3pez de Landache eta V\u00edctor Garc\u00eda de la Torre.<\/p>\n<p><img decoding=\"async\" class=\"aligncenter size-full wp-image-6128 lazyload\" data-src=\"https:\/\/zumarte.eus\/wp-content\/uploads\/2022\/03\/Reziklantes.jpg\" alt=\"\" width=\"500\" height=\"280\" src=\"data:image\/svg+xml;base64,PHN2ZyB3aWR0aD0iMSIgaGVpZ2h0PSIxIiB4bWxucz0iaHR0cDovL3d3dy53My5vcmcvMjAwMC9zdmciPjwvc3ZnPg==\" style=\"--smush-placeholder-width: 500px; --smush-placeholder-aspect-ratio: 500\/280;\" \/><\/p>\n<p>&nbsp;<\/p>\n<ul>\n<li>Martxoak 18 Ostirala Rockalean ikuskizuna<\/li>\n<\/ul>\n<p>Ordua eta lekua: 19:30etan, kalean. Musika ikuskizun ibiltaria.<\/p>\n<p>Rockaleanekoak, 1.000 Anpereko soinu-potentzia baino gehiago duen gurdiaren laguntzari esker, oholtza gaineko taldeak iristen ez diren lekuetara heltzeko aukera dute.<\/p>\n<p>Ikuskizunetan izaten den hesi ikusezin hori haustea da beraiena intentzioa. Ikusleak beraiekin batera dantza, algara eta oihu egitea dute helburu uneoro.<\/p>\n<p>Kantutegia<\/p>\n<p>Rockalearen kantutegi luzeak, betiko joera umoretsua eta hiru hizkuntzatan egindako abesti moldaketak ditu oinarri.<\/p>\n<p>Euskaraz: Hertzainak, Niko Etxart, Mikel Laboa,Kaxiano, Oskorri, Negu gorriak<\/p>\n<p>Gaztelaniaz: Barricada, Extremoduro, Fito y Fitipaldis, Radio futura, Platero y t\u00fa, Rosendo, La Polla Records, M &#8211; Clan, Loquillo&#8230;<\/p>\n<p>lngelesez: AC\/DC, Rolling Stones, Metallica, James Brown, Deep Purple&#8230;<\/p>\n<p><img decoding=\"async\" class=\"aligncenter size-full wp-image-6130 lazyload\" data-src=\"https:\/\/zumarte.eus\/wp-content\/uploads\/2022\/03\/Rockalean.jpg\" alt=\"\" width=\"500\" height=\"345\" src=\"data:image\/svg+xml;base64,PHN2ZyB3aWR0aD0iMSIgaGVpZ2h0PSIxIiB4bWxucz0iaHR0cDovL3d3dy53My5vcmcvMjAwMC9zdmciPjwvc3ZnPg==\" style=\"--smush-placeholder-width: 500px; --smush-placeholder-aspect-ratio: 500\/345;\" \/><\/p>\n<p>&nbsp;<\/p>\n<ul>\n<li>Martxoak 19 Larunbata Illunbe orkestra sinfonikoa<\/li>\n<\/ul>\n<p>Ordua eta lekua: 18:00etan, Salbatore Elizan. Sarrera librea edukiera bete arte<\/p>\n<p>Egitaraua:<\/p>\n<p>Viva la vida (Coldplay) &#8211; Arranged By Larry Moore.<\/p>\n<p>Palladio &#8211; Arranged By Robert Longfield.<\/p>\n<p>Highlights from Harry Potter &#8211; Arranged By Michael Story.<\/p>\n<p>Dance of the hours &#8211; Arranged By Richard Meyer.<\/p>\n<p>The from New York New York &#8211; Arranged By Bob Cerulli.<\/p>\n<p>The Lion King &#8211; Arranged By Ted Parson.<\/p>\n<p>The best of Bruno Mars &#8211; Arranged By Victor L\u00f3pez.<\/p>\n<p>Pirates of the caribbean &#8211; Arranged By Ted Ricketts.<\/p>\n<p>Zuzendaria: Joseba Garmendia<\/p>\n<p>Bertaratutakoa zale gaztxoenak, musikoekin batera eserita, kontzertuaz gozatzeko aukera izango dute.<\/p>\n<p><img decoding=\"async\" class=\"aligncenter size-full wp-image-6132 lazyload\" data-src=\"https:\/\/zumarte.eus\/wp-content\/uploads\/2022\/03\/Illunbe.jpg\" alt=\"\" width=\"500\" height=\"333\" src=\"data:image\/svg+xml;base64,PHN2ZyB3aWR0aD0iMSIgaGVpZ2h0PSIxIiB4bWxucz0iaHR0cDovL3d3dy53My5vcmcvMjAwMC9zdmciPjwvc3ZnPg==\" style=\"--smush-placeholder-width: 500px; --smush-placeholder-aspect-ratio: 500\/333;\" \/><\/p>\n<p>&nbsp;<\/p>\n<ul>\n<li>Martxoak 20 Igandea Araiako musika banda<\/li>\n<\/ul>\n<p>Ordua eta lekua: 12:00etan, kalean 13:00etan, frontoian.<\/p>\n<p>Araiako musika banda:<\/p>\n<p>Gaur egun, Araiako Musika Banda, German Maria Lanzadazal musika elkarteko kide da. Elkarte honek herriko konpositorearen omenez hartu zuen izena; izan ere, musika munduan gauza garrantzitsuak lortu zituen eta orkestra sinfonikorako, pianorako, instrumentu askotarako eta koru kanturako obrak konposatu zituen.<\/p>\n<p>Musika Bandaren lehenengo arrastoa 1873koa da.<\/p>\n<p>Banda 1968an desegin egin zuten, baina Araiako Txarangak bere horretan jarraitu zuen. Otxandioko Musika Bandarekin elkarlanean zenbait emanaldi egin zituen, Bai Euskarari ekitaldikoa, kasu.<\/p>\n<p>1987an, musikaren miresle ziren zenbaitzuk, Araian musika tradizio handia izanik, berriz ere martxan jarri zuten Banda. Hogeita hamar kidek osatu zuten, tartean hogei urte lehenago desegindako banda kide ziren hamarrek.<\/p>\n<p>Egitaraua<\/p>\n<p>\u201cEl Albero\u201d de Ordizia -J.L. Irizar<\/p>\n<p>Hallelugah -Leonar Coen Arr. Frank Bernaerts<\/p>\n<p>Waltz n\u00ba 2 -Dimitri Shostakovich Arr. Johan de Meij<\/p>\n<p>Crescendo -Harm Evers<\/p>\n<p>Asperdurari Aurre Egiten -J.M. Bastida \u201cTxapi\u201d<\/p>\n<p>Xalbadorren Heriotzean -Xabier Lete<\/p>\n<p>Vals de ejecuci\u00f3n -Nicolas Garc\u00eda Arr. Alberto Santos<\/p>\n<p>Jota Vals de Estella<\/p>\n<p>Araiako Musika Banda eta Ezberdi\u00f1ako Gaiteroak<\/p>\n<p>Zuzendaria: Alfredo Markinez Aroztegi<\/p>\n<p><img decoding=\"async\" class=\"aligncenter size-full wp-image-6134 lazyload\" data-src=\"https:\/\/zumarte.eus\/wp-content\/uploads\/2022\/03\/Araia.jpg\" alt=\"\" width=\"500\" height=\"375\" src=\"data:image\/svg+xml;base64,PHN2ZyB3aWR0aD0iMSIgaGVpZ2h0PSIxIiB4bWxucz0iaHR0cDovL3d3dy53My5vcmcvMjAwMC9zdmciPjwvc3ZnPg==\" style=\"--smush-placeholder-width: 500px; --smush-placeholder-aspect-ratio: 500\/375;\" \/><\/p>\n<p>&nbsp;<\/p>\n<p>* Aurtengo organo erakustaldia bertan behera gelditzen da<\/p>\n","protected":false},"excerpt":{"rendered":"<p>&nbsp; Iritsi da aurtengo Soinurbil musika astea! Edizio honetarako, Usurbilgo Udalarekin batera eta Salbatore Parrokia,Gipuzkoako Foru Aldundia eta Kutxaren laguntzarekin, sekulako sei ikuskizun antolatu ditugu: Martxoak 15 Asteartea \u2018LALALA\u2019 familia &hellip; <\/p>\n","protected":false},"author":2,"featured_media":6137,"comment_status":"closed","ping_status":"open","sticky":false,"template":"","format":"standard","meta":{"_monsterinsights_skip_tracking":false,"_monsterinsights_sitenote_active":false,"_monsterinsights_sitenote_note":"","_monsterinsights_sitenote_category":0,"footnotes":""},"categories":[1],"tags":[],"class_list":["post-6123","post","type-post","status-publish","format-standard","has-post-thumbnail","hentry","category-albisteak"],"yoast_head":"<!-- This site is optimized with the Yoast SEO plugin v26.9 - https:\/\/yoast.com\/product\/yoast-seo-wordpress\/ -->\n<title>XVIII. Soinurbil musika astea - Zumarte<\/title>\n<meta name=\"robots\" content=\"index, follow, max-snippet:-1, max-image-preview:large, max-video-preview:-1\" \/>\n<link rel=\"canonical\" href=\"https:\/\/zumarte.eus\/xviii-soinurbil-musika-astea\/\" \/>\n<meta property=\"og:locale\" content=\"es_ES\" \/>\n<meta property=\"og:type\" content=\"article\" \/>\n<meta property=\"og:title\" content=\"XVIII. Soinurbil musika astea - Zumarte\" \/>\n<meta property=\"og:description\" content=\"&nbsp; Iritsi da aurtengo Soinurbil musika astea! Edizio honetarako, Usurbilgo Udalarekin batera eta Salbatore Parrokia,Gipuzkoako Foru Aldundia eta Kutxaren laguntzarekin, sekulako sei ikuskizun antolatu ditugu: Martxoak 15 Asteartea \u2018LALALA\u2019 familia &hellip;\" \/>\n<meta property=\"og:url\" content=\"https:\/\/zumarte.eus\/xviii-soinurbil-musika-astea\/\" \/>\n<meta property=\"og:site_name\" content=\"Zumarte\" \/>\n<meta property=\"article:published_time\" content=\"2022-03-05T14:36:23+00:00\" \/>\n<meta property=\"article:modified_time\" content=\"2022-03-17T11:17:08+00:00\" \/>\n<meta property=\"og:image\" content=\"https:\/\/zumarte.eus\/wp-content\/uploads\/2022\/03\/Soinurbil-logoa.jpg\" \/>\n\t<meta property=\"og:image:width\" content=\"500\" \/>\n\t<meta property=\"og:image:height\" content=\"492\" \/>\n\t<meta property=\"og:image:type\" content=\"image\/jpeg\" \/>\n<meta name=\"author\" content=\"zumarte\" \/>\n<meta name=\"twitter:card\" content=\"summary_large_image\" \/>\n<meta name=\"twitter:creator\" content=\"@ZumarteMusika\" \/>\n<meta name=\"twitter:site\" content=\"@ZumarteMusika\" \/>\n<meta name=\"twitter:label1\" content=\"Escrito por\" \/>\n\t<meta name=\"twitter:data1\" content=\"zumarte\" \/>\n\t<meta name=\"twitter:label2\" content=\"Tiempo de lectura\" \/>\n\t<meta name=\"twitter:data2\" content=\"6 minutos\" \/>\n<script type=\"application\/ld+json\" class=\"yoast-schema-graph\">{\"@context\":\"https:\/\/schema.org\",\"@graph\":[{\"@type\":\"Article\",\"@id\":\"https:\/\/zumarte.eus\/xviii-soinurbil-musika-astea\/#article\",\"isPartOf\":{\"@id\":\"https:\/\/zumarte.eus\/xviii-soinurbil-musika-astea\/\"},\"author\":{\"name\":\"zumarte\",\"@id\":\"https:\/\/zumarte.eus\/#\/schema\/person\/c5b7acaff9c5fe509f9c1a8b237d5364\"},\"headline\":\"XVIII. Soinurbil musika astea\",\"datePublished\":\"2022-03-05T14:36:23+00:00\",\"dateModified\":\"2022-03-17T11:17:08+00:00\",\"mainEntityOfPage\":{\"@id\":\"https:\/\/zumarte.eus\/xviii-soinurbil-musika-astea\/\"},\"wordCount\":805,\"image\":{\"@id\":\"https:\/\/zumarte.eus\/xviii-soinurbil-musika-astea\/#primaryimage\"},\"thumbnailUrl\":\"https:\/\/zumarte.eus\/wp-content\/uploads\/2022\/03\/Soinurbil-logoa.jpg\",\"articleSection\":[\"Albisteak\"],\"inLanguage\":\"es\"},{\"@type\":\"WebPage\",\"@id\":\"https:\/\/zumarte.eus\/xviii-soinurbil-musika-astea\/\",\"url\":\"https:\/\/zumarte.eus\/xviii-soinurbil-musika-astea\/\",\"name\":\"XVIII. Soinurbil musika astea - Zumarte\",\"isPartOf\":{\"@id\":\"https:\/\/zumarte.eus\/#website\"},\"primaryImageOfPage\":{\"@id\":\"https:\/\/zumarte.eus\/xviii-soinurbil-musika-astea\/#primaryimage\"},\"image\":{\"@id\":\"https:\/\/zumarte.eus\/xviii-soinurbil-musika-astea\/#primaryimage\"},\"thumbnailUrl\":\"https:\/\/zumarte.eus\/wp-content\/uploads\/2022\/03\/Soinurbil-logoa.jpg\",\"datePublished\":\"2022-03-05T14:36:23+00:00\",\"dateModified\":\"2022-03-17T11:17:08+00:00\",\"author\":{\"@id\":\"https:\/\/zumarte.eus\/#\/schema\/person\/c5b7acaff9c5fe509f9c1a8b237d5364\"},\"breadcrumb\":{\"@id\":\"https:\/\/zumarte.eus\/xviii-soinurbil-musika-astea\/#breadcrumb\"},\"inLanguage\":\"es\",\"potentialAction\":[{\"@type\":\"ReadAction\",\"target\":[\"https:\/\/zumarte.eus\/xviii-soinurbil-musika-astea\/\"]}]},{\"@type\":\"ImageObject\",\"inLanguage\":\"es\",\"@id\":\"https:\/\/zumarte.eus\/xviii-soinurbil-musika-astea\/#primaryimage\",\"url\":\"https:\/\/zumarte.eus\/wp-content\/uploads\/2022\/03\/Soinurbil-logoa.jpg\",\"contentUrl\":\"https:\/\/zumarte.eus\/wp-content\/uploads\/2022\/03\/Soinurbil-logoa.jpg\",\"width\":500,\"height\":492},{\"@type\":\"BreadcrumbList\",\"@id\":\"https:\/\/zumarte.eus\/xviii-soinurbil-musika-astea\/#breadcrumb\",\"itemListElement\":[{\"@type\":\"ListItem\",\"position\":1,\"name\":\"Home\",\"item\":\"https:\/\/zumarte.eus\/es\/\"},{\"@type\":\"ListItem\",\"position\":2,\"name\":\"XVIII. Soinurbil musika astea\"}]},{\"@type\":\"WebSite\",\"@id\":\"https:\/\/zumarte.eus\/#website\",\"url\":\"https:\/\/zumarte.eus\/\",\"name\":\"Zumarte\",\"description\":\"Usurbilgo musika eskola\",\"potentialAction\":[{\"@type\":\"SearchAction\",\"target\":{\"@type\":\"EntryPoint\",\"urlTemplate\":\"https:\/\/zumarte.eus\/?s={search_term_string}\"},\"query-input\":{\"@type\":\"PropertyValueSpecification\",\"valueRequired\":true,\"valueName\":\"search_term_string\"}}],\"inLanguage\":\"es\"},{\"@type\":\"Person\",\"@id\":\"https:\/\/zumarte.eus\/#\/schema\/person\/c5b7acaff9c5fe509f9c1a8b237d5364\",\"name\":\"zumarte\",\"url\":\"https:\/\/zumarte.eus\/es\/author\/zumarte\/\"}]}<\/script>\n<!-- \/ Yoast SEO plugin. -->","yoast_head_json":{"title":"XVIII. Soinurbil musika astea - Zumarte","robots":{"index":"index","follow":"follow","max-snippet":"max-snippet:-1","max-image-preview":"max-image-preview:large","max-video-preview":"max-video-preview:-1"},"canonical":"https:\/\/zumarte.eus\/xviii-soinurbil-musika-astea\/","og_locale":"es_ES","og_type":"article","og_title":"XVIII. Soinurbil musika astea - Zumarte","og_description":"&nbsp; Iritsi da aurtengo Soinurbil musika astea! Edizio honetarako, Usurbilgo Udalarekin batera eta Salbatore Parrokia,Gipuzkoako Foru Aldundia eta Kutxaren laguntzarekin, sekulako sei ikuskizun antolatu ditugu: Martxoak 15 Asteartea \u2018LALALA\u2019 familia &hellip;","og_url":"https:\/\/zumarte.eus\/xviii-soinurbil-musika-astea\/","og_site_name":"Zumarte","article_published_time":"2022-03-05T14:36:23+00:00","article_modified_time":"2022-03-17T11:17:08+00:00","og_image":[{"width":500,"height":492,"url":"https:\/\/zumarte.eus\/wp-content\/uploads\/2022\/03\/Soinurbil-logoa.jpg","type":"image\/jpeg"}],"author":"zumarte","twitter_card":"summary_large_image","twitter_creator":"@ZumarteMusika","twitter_site":"@ZumarteMusika","twitter_misc":{"Escrito por":"zumarte","Tiempo de lectura":"6 minutos"},"schema":{"@context":"https:\/\/schema.org","@graph":[{"@type":"Article","@id":"https:\/\/zumarte.eus\/xviii-soinurbil-musika-astea\/#article","isPartOf":{"@id":"https:\/\/zumarte.eus\/xviii-soinurbil-musika-astea\/"},"author":{"name":"zumarte","@id":"https:\/\/zumarte.eus\/#\/schema\/person\/c5b7acaff9c5fe509f9c1a8b237d5364"},"headline":"XVIII. Soinurbil musika astea","datePublished":"2022-03-05T14:36:23+00:00","dateModified":"2022-03-17T11:17:08+00:00","mainEntityOfPage":{"@id":"https:\/\/zumarte.eus\/xviii-soinurbil-musika-astea\/"},"wordCount":805,"image":{"@id":"https:\/\/zumarte.eus\/xviii-soinurbil-musika-astea\/#primaryimage"},"thumbnailUrl":"https:\/\/zumarte.eus\/wp-content\/uploads\/2022\/03\/Soinurbil-logoa.jpg","articleSection":["Albisteak"],"inLanguage":"es"},{"@type":"WebPage","@id":"https:\/\/zumarte.eus\/xviii-soinurbil-musika-astea\/","url":"https:\/\/zumarte.eus\/xviii-soinurbil-musika-astea\/","name":"XVIII. Soinurbil musika astea - Zumarte","isPartOf":{"@id":"https:\/\/zumarte.eus\/#website"},"primaryImageOfPage":{"@id":"https:\/\/zumarte.eus\/xviii-soinurbil-musika-astea\/#primaryimage"},"image":{"@id":"https:\/\/zumarte.eus\/xviii-soinurbil-musika-astea\/#primaryimage"},"thumbnailUrl":"https:\/\/zumarte.eus\/wp-content\/uploads\/2022\/03\/Soinurbil-logoa.jpg","datePublished":"2022-03-05T14:36:23+00:00","dateModified":"2022-03-17T11:17:08+00:00","author":{"@id":"https:\/\/zumarte.eus\/#\/schema\/person\/c5b7acaff9c5fe509f9c1a8b237d5364"},"breadcrumb":{"@id":"https:\/\/zumarte.eus\/xviii-soinurbil-musika-astea\/#breadcrumb"},"inLanguage":"es","potentialAction":[{"@type":"ReadAction","target":["https:\/\/zumarte.eus\/xviii-soinurbil-musika-astea\/"]}]},{"@type":"ImageObject","inLanguage":"es","@id":"https:\/\/zumarte.eus\/xviii-soinurbil-musika-astea\/#primaryimage","url":"https:\/\/zumarte.eus\/wp-content\/uploads\/2022\/03\/Soinurbil-logoa.jpg","contentUrl":"https:\/\/zumarte.eus\/wp-content\/uploads\/2022\/03\/Soinurbil-logoa.jpg","width":500,"height":492},{"@type":"BreadcrumbList","@id":"https:\/\/zumarte.eus\/xviii-soinurbil-musika-astea\/#breadcrumb","itemListElement":[{"@type":"ListItem","position":1,"name":"Home","item":"https:\/\/zumarte.eus\/es\/"},{"@type":"ListItem","position":2,"name":"XVIII. Soinurbil musika astea"}]},{"@type":"WebSite","@id":"https:\/\/zumarte.eus\/#website","url":"https:\/\/zumarte.eus\/","name":"Zumarte","description":"Usurbilgo musika eskola","potentialAction":[{"@type":"SearchAction","target":{"@type":"EntryPoint","urlTemplate":"https:\/\/zumarte.eus\/?s={search_term_string}"},"query-input":{"@type":"PropertyValueSpecification","valueRequired":true,"valueName":"search_term_string"}}],"inLanguage":"es"},{"@type":"Person","@id":"https:\/\/zumarte.eus\/#\/schema\/person\/c5b7acaff9c5fe509f9c1a8b237d5364","name":"zumarte","url":"https:\/\/zumarte.eus\/es\/author\/zumarte\/"}]}},"post_mailing_queue_ids":[],"_links":{"self":[{"href":"https:\/\/zumarte.eus\/es\/wp-json\/wp\/v2\/posts\/6123","targetHints":{"allow":["GET"]}}],"collection":[{"href":"https:\/\/zumarte.eus\/es\/wp-json\/wp\/v2\/posts"}],"about":[{"href":"https:\/\/zumarte.eus\/es\/wp-json\/wp\/v2\/types\/post"}],"author":[{"embeddable":true,"href":"https:\/\/zumarte.eus\/es\/wp-json\/wp\/v2\/users\/2"}],"replies":[{"embeddable":true,"href":"https:\/\/zumarte.eus\/es\/wp-json\/wp\/v2\/comments?post=6123"}],"version-history":[{"count":4,"href":"https:\/\/zumarte.eus\/es\/wp-json\/wp\/v2\/posts\/6123\/revisions"}],"predecessor-version":[{"id":6156,"href":"https:\/\/zumarte.eus\/es\/wp-json\/wp\/v2\/posts\/6123\/revisions\/6156"}],"wp:featuredmedia":[{"embeddable":true,"href":"https:\/\/zumarte.eus\/es\/wp-json\/wp\/v2\/media\/6137"}],"wp:attachment":[{"href":"https:\/\/zumarte.eus\/es\/wp-json\/wp\/v2\/media?parent=6123"}],"wp:term":[{"taxonomy":"category","embeddable":true,"href":"https:\/\/zumarte.eus\/es\/wp-json\/wp\/v2\/categories?post=6123"},{"taxonomy":"post_tag","embeddable":true,"href":"https:\/\/zumarte.eus\/es\/wp-json\/wp\/v2\/tags?post=6123"}],"curies":[{"name":"wp","href":"https:\/\/api.w.org\/{rel}","templated":true}]}}